{"id":1677,"date":"2023-05-18T17:17:31","date_gmt":"2023-05-18T15:17:31","guid":{"rendered":"https:\/\/wen-official.com\/?p=1677"},"modified":"2023-05-18T17:17:31","modified_gmt":"2023-05-18T15:17:31","slug":"voeux-2023-du-conseil-administratif-de-chene-bourg","status":"publish","type":"post","link":"https:\/\/wen-official.com\/en\/voeux-2023-du-conseil-administratif-de-chene-bourg\/","title":{"rendered":"Voeux 2023 du Conseil Administratif de Ch\u00eane-Bourg"},"content":{"rendered":"<p>Invit\u00e9s par le conseil administratif de la commune de Ch\u00eane-Bourg, Phil, Wilson et moi-m\u00eame avons eu l&rsquo;opportunit\u00e9 de nous produire dans la salle du Point Favre. Une soir\u00e9e sur invitation priv\u00e9e visant \u00e0 accueillir les nouveaux habitants naturalis\u00e9s de notre jolie commune. Ce concert m&rsquo;a apport\u00e9 beaucoup de bonheur. Un public chaleureux, une \u00e9quipe de sc\u00e8ne juste adorable. Un grand merci \u00e0 la Mairie de Ch\u00eane-Bourg pour cette belle invitation et marque de confiance. Merci \u00e0 Wilson Mateus (@wilsonbeats) pour ta collaboration. Encore un beau challenge de r\u00e9ussi. <\/p>\n<p>Retrouvez dans <a href=\"https:\/\/wen-official.com\/en\/photos\/#SetCA23\">la galerie<\/a> les photos v\u0153ux conseil administratif 2023.<\/p>","protected":false},"excerpt":{"rendered":"<p>Invit\u00e9s par le conseil administratif de la commune de Ch\u00eane-Bourg, Phil, Wilson et moi-m\u00eame avons eu l&rsquo;opportunit\u00e9 de nous produire dans la salle du Point Favre. Une soir\u00e9e sur invitation priv\u00e9e visant \u00e0 accueillir les nouveaux habitants naturalis\u00e9s de notre jolie commune. Ce concert m&rsquo;a apport\u00e9 beaucoup de bonheur. Un [&hellip;]<\/p>\n","protected":false},"author":1,"featured_media":1678,"comment_status":"closed","ping_status":"open","sticky":false,"template":"","format":"standard","meta":{"_et_pb_use_builder":"off","_et_pb_old_content":"","_et_gb_content_width":"","two_page_speed":null},"categories":[110],"tags":[],"yoast_head":"<!-- This site is optimized with the Yoast SEO plugin v20.11 - https:\/\/yoast.com\/wordpress\/plugins\/seo\/ -->\n<title>Voeux 2023 du Conseil Administratif de Ch\u00eane-Bourg - Wen-Official<\/title>\n<meta name=\"robots\" content=\"index, follow, max-snippet:-1, max-image-preview:large, max-video-preview:-1\" \/>\n<link rel=\"canonical\" href=\"https:\/\/wen-official.com\/en\/voeux-2023-du-conseil-administratif-de-chene-bourg\/\" \/>\n<meta property=\"og:locale\" content=\"en_US\" \/>\n<meta property=\"og:type\" content=\"article\" \/>\n<meta property=\"og:title\" content=\"Voeux 2023 du Conseil Administratif de Ch\u00eane-Bourg - Wen-Official\" \/>\n<meta property=\"og:description\" content=\"Invit\u00e9s par le conseil administratif de la commune de Ch\u00eane-Bourg, Phil, Wilson et moi-m\u00eame avons eu l&rsquo;opportunit\u00e9 de nous produire dans la salle du Point Favre. Une soir\u00e9e sur invitation priv\u00e9e visant \u00e0 accueillir les nouveaux habitants naturalis\u00e9s de notre jolie commune. Ce concert m&rsquo;a apport\u00e9 beaucoup de bonheur. Un [&hellip;]\" \/>\n<meta property=\"og:url\" content=\"https:\/\/wen-official.com\/en\/voeux-2023-du-conseil-administratif-de-chene-bourg\/\" \/>\n<meta property=\"og:site_name\" content=\"Wen-Official\" \/>\n<meta property=\"article:published_time\" content=\"2023-05-18T15:17:31+00:00\" \/>\n<meta property=\"og:image\" content=\"https:\/\/wen-official.com\/wp-content\/uploads\/2023\/05\/ad8a6064-10.01.23.jpg\" \/>\n\t<meta property=\"og:image:width\" content=\"1280\" \/>\n\t<meta property=\"og:image:height\" content=\"719\" \/>\n\t<meta property=\"og:image:type\" content=\"image\/jpeg\" \/>\n<meta name=\"author\" content=\"Wen\" \/>\n<meta name=\"twitter:card\" content=\"summary_large_image\" \/>\n<meta name=\"twitter:label1\" content=\"Written by\" \/>\n\t<meta name=\"twitter:data1\" content=\"Wen\" \/>\n\t<meta name=\"twitter:label2\" content=\"Est. reading time\" \/>\n\t<meta name=\"twitter:data2\" content=\"1 minute\" \/>\n<script type=\"application\/ld+json\" class=\"yoast-schema-graph\">{\"@context\":\"https:\/\/schema.org\",\"@graph\":[{\"@type\":\"Article\",\"@id\":\"https:\/\/wen-official.com\/voeux-2023-du-conseil-administratif-de-chene-bourg\/#article\",\"isPartOf\":{\"@id\":\"https:\/\/wen-official.com\/voeux-2023-du-conseil-administratif-de-chene-bourg\/\"},\"author\":{\"name\":\"Wen\",\"@id\":\"https:\/\/wen-official.com\/#\/schema\/person\/279473ac6adfbfd84e5b24b36ab065a7\"},\"headline\":\"Voeux 2023 du Conseil Administratif de Ch\u00eane-Bourg\",\"datePublished\":\"2023-05-18T15:17:31+00:00\",\"dateModified\":\"2023-05-18T15:17:31+00:00\",\"mainEntityOfPage\":{\"@id\":\"https:\/\/wen-official.com\/voeux-2023-du-conseil-administratif-de-chene-bourg\/\"},\"wordCount\":113,\"publisher\":{\"@id\":\"https:\/\/wen-official.com\/#organization\"},\"articleSection\":[\"Ev\u00e9nements\"],\"inLanguage\":\"en-US\"},{\"@type\":\"WebPage\",\"@id\":\"https:\/\/wen-official.com\/voeux-2023-du-conseil-administratif-de-chene-bourg\/\",\"url\":\"https:\/\/wen-official.com\/voeux-2023-du-conseil-administratif-de-chene-bourg\/\",\"name\":\"Voeux 2023 du Conseil Administratif de Ch\u00eane-Bourg - Wen-Official\",\"isPartOf\":{\"@id\":\"https:\/\/wen-official.com\/#website\"},\"datePublished\":\"2023-05-18T15:17:31+00:00\",\"dateModified\":\"2023-05-18T15:17:31+00:00\",\"breadcrumb\":{\"@id\":\"https:\/\/wen-official.com\/voeux-2023-du-conseil-administratif-de-chene-bourg\/#breadcrumb\"},\"inLanguage\":\"en-US\",\"potentialAction\":[{\"@type\":\"ReadAction\",\"target\":[\"https:\/\/wen-official.com\/voeux-2023-du-conseil-administratif-de-chene-bourg\/\"]}]},{\"@type\":\"BreadcrumbList\",\"@id\":\"https:\/\/wen-official.com\/voeux-2023-du-conseil-administratif-de-chene-bourg\/#breadcrumb\",\"itemListElement\":[{\"@type\":\"ListItem\",\"position\":1,\"name\":\"Accueil\",\"item\":\"https:\/\/wen-official.com\/\"},{\"@type\":\"ListItem\",\"position\":2,\"name\":\"Voeux 2023 du Conseil Administratif de Ch\u00eane-Bourg\"}]},{\"@type\":\"WebSite\",\"@id\":\"https:\/\/wen-official.com\/#website\",\"url\":\"https:\/\/wen-official.com\/\",\"name\":\"Wen-Official\",\"description\":\"\",\"publisher\":{\"@id\":\"https:\/\/wen-official.com\/#organization\"},\"potentialAction\":[{\"@type\":\"SearchAction\",\"target\":{\"@type\":\"EntryPoint\",\"urlTemplate\":\"https:\/\/wen-official.com\/?s={search_term_string}\"},\"query-input\":\"required name=search_term_string\"}],\"inLanguage\":\"en-US\"},{\"@type\":\"Organization\",\"@id\":\"https:\/\/wen-official.com\/#organization\",\"name\":\"Wen-Official\",\"url\":\"https:\/\/wen-official.com\/\",\"logo\":{\"@type\":\"ImageObject\",\"inLanguage\":\"en-US\",\"@id\":\"https:\/\/wen-official.com\/#\/schema\/logo\/image\/\",\"url\":\"https:\/\/wen-official.com\/wp-content\/uploads\/2018\/05\/cropped-Wen_logoSite.png\",\"contentUrl\":\"https:\/\/wen-official.com\/wp-content\/uploads\/2018\/05\/cropped-Wen_logoSite.png\",\"width\":1086,\"height\":426,\"caption\":\"Wen-Official\"},\"image\":{\"@id\":\"https:\/\/wen-official.com\/#\/schema\/logo\/image\/\"}},{\"@type\":\"Person\",\"@id\":\"https:\/\/wen-official.com\/#\/schema\/person\/279473ac6adfbfd84e5b24b36ab065a7\",\"name\":\"Wen\",\"image\":{\"@type\":\"ImageObject\",\"inLanguage\":\"en-US\",\"@id\":\"https:\/\/wen-official.com\/#\/schema\/person\/image\/\",\"url\":\"https:\/\/secure.gravatar.com\/avatar\/56ba9949536241a05d0aeab616f6a010?s=96&d=mm&r=g\",\"contentUrl\":\"https:\/\/secure.gravatar.com\/avatar\/56ba9949536241a05d0aeab616f6a010?s=96&d=mm&r=g\",\"caption\":\"Wen\"},\"url\":\"https:\/\/wen-official.com\/en\/author\/admin\/\"}]}<\/script>\n<!-- \/ Yoast SEO plugin. -->","yoast_head_json":{"title":"Voeux 2023 du Conseil Administratif de Ch\u00eane-Bourg - Wen-Official","robots":{"index":"index","follow":"follow","max-snippet":"max-snippet:-1","max-image-preview":"max-image-preview:large","max-video-preview":"max-video-preview:-1"},"canonical":"https:\/\/wen-official.com\/en\/voeux-2023-du-conseil-administratif-de-chene-bourg\/","og_locale":"en_US","og_type":"article","og_title":"Voeux 2023 du Conseil Administratif de Ch\u00eane-Bourg - Wen-Official","og_description":"Invit\u00e9s par le conseil administratif de la commune de Ch\u00eane-Bourg, Phil, Wilson et moi-m\u00eame avons eu l&rsquo;opportunit\u00e9 de nous produire dans la salle du Point Favre. Une soir\u00e9e sur invitation priv\u00e9e visant \u00e0 accueillir les nouveaux habitants naturalis\u00e9s de notre jolie commune. Ce concert m&rsquo;a apport\u00e9 beaucoup de bonheur. Un [&hellip;]","og_url":"https:\/\/wen-official.com\/en\/voeux-2023-du-conseil-administratif-de-chene-bourg\/","og_site_name":"Wen-Official","article_published_time":"2023-05-18T15:17:31+00:00","og_image":[{"width":1280,"height":719,"url":"https:\/\/wen-official.com\/wp-content\/uploads\/2023\/05\/ad8a6064-10.01.23.jpg","type":"image\/jpeg"}],"author":"Wen","twitter_card":"summary_large_image","twitter_misc":{"Written by":"Wen","Est. reading time":"1 minute"},"schema":{"@context":"https:\/\/schema.org","@graph":[{"@type":"Article","@id":"https:\/\/wen-official.com\/voeux-2023-du-conseil-administratif-de-chene-bourg\/#article","isPartOf":{"@id":"https:\/\/wen-official.com\/voeux-2023-du-conseil-administratif-de-chene-bourg\/"},"author":{"name":"Wen","@id":"https:\/\/wen-official.com\/#\/schema\/person\/279473ac6adfbfd84e5b24b36ab065a7"},"headline":"Voeux 2023 du Conseil Administratif de Ch\u00eane-Bourg","datePublished":"2023-05-18T15:17:31+00:00","dateModified":"2023-05-18T15:17:31+00:00","mainEntityOfPage":{"@id":"https:\/\/wen-official.com\/voeux-2023-du-conseil-administratif-de-chene-bourg\/"},"wordCount":113,"publisher":{"@id":"https:\/\/wen-official.com\/#organization"},"articleSection":["Ev\u00e9nements"],"inLanguage":"en-US"},{"@type":"WebPage","@id":"https:\/\/wen-official.com\/voeux-2023-du-conseil-administratif-de-chene-bourg\/","url":"https:\/\/wen-official.com\/voeux-2023-du-conseil-administratif-de-chene-bourg\/","name":"Voeux 2023 du Conseil Administratif de Ch\u00eane-Bourg - Wen-Official","isPartOf":{"@id":"https:\/\/wen-official.com\/#website"},"datePublished":"2023-05-18T15:17:31+00:00","dateModified":"2023-05-18T15:17:31+00:00","breadcrumb":{"@id":"https:\/\/wen-official.com\/voeux-2023-du-conseil-administratif-de-chene-bourg\/#breadcrumb"},"inLanguage":"en-US","potentialAction":[{"@type":"ReadAction","target":["https:\/\/wen-official.com\/voeux-2023-du-conseil-administratif-de-chene-bourg\/"]}]},{"@type":"BreadcrumbList","@id":"https:\/\/wen-official.com\/voeux-2023-du-conseil-administratif-de-chene-bourg\/#breadcrumb","itemListElement":[{"@type":"ListItem","position":1,"name":"Accueil","item":"https:\/\/wen-official.com\/"},{"@type":"ListItem","position":2,"name":"Voeux 2023 du Conseil Administratif de Ch\u00eane-Bourg"}]},{"@type":"WebSite","@id":"https:\/\/wen-official.com\/#website","url":"https:\/\/wen-official.com\/","name":"Wen-Official","description":"","publisher":{"@id":"https:\/\/wen-official.com\/#organization"},"potentialAction":[{"@type":"SearchAction","target":{"@type":"EntryPoint","urlTemplate":"https:\/\/wen-official.com\/?s={search_term_string}"},"query-input":"required name=search_term_string"}],"inLanguage":"en-US"},{"@type":"Organization","@id":"https:\/\/wen-official.com\/#organization","name":"Wen-Official","url":"https:\/\/wen-official.com\/","logo":{"@type":"ImageObject","inLanguage":"en-US","@id":"https:\/\/wen-official.com\/#\/schema\/logo\/image\/","url":"https:\/\/wen-official.com\/wp-content\/uploads\/2018\/05\/cropped-Wen_logoSite.png","contentUrl":"https:\/\/wen-official.com\/wp-content\/uploads\/2018\/05\/cropped-Wen_logoSite.png","width":1086,"height":426,"caption":"Wen-Official"},"image":{"@id":"https:\/\/wen-official.com\/#\/schema\/logo\/image\/"}},{"@type":"Person","@id":"https:\/\/wen-official.com\/#\/schema\/person\/279473ac6adfbfd84e5b24b36ab065a7","name":"Wen","image":{"@type":"ImageObject","inLanguage":"en-US","@id":"https:\/\/wen-official.com\/#\/schema\/person\/image\/","url":"https:\/\/secure.gravatar.com\/avatar\/56ba9949536241a05d0aeab616f6a010?s=96&d=mm&r=g","contentUrl":"https:\/\/secure.gravatar.com\/avatar\/56ba9949536241a05d0aeab616f6a010?s=96&d=mm&r=g","caption":"Wen"},"url":"https:\/\/wen-official.com\/en\/author\/admin\/"}]}},"jetpack_sharing_enabled":true,"jetpack_featured_media_url":"https:\/\/wen-official.com\/wp-content\/uploads\/2023\/05\/ad8a6064-10.01.23.jpg","jetpack_shortlink":"https:\/\/wp.me\/p9UXVI-r3","_links":{"self":[{"href":"https:\/\/wen-official.com\/en\/wp-json\/wp\/v2\/posts\/1677"}],"collection":[{"href":"https:\/\/wen-official.com\/en\/wp-json\/wp\/v2\/posts"}],"about":[{"href":"https:\/\/wen-official.com\/en\/wp-json\/wp\/v2\/types\/post"}],"author":[{"embeddable":true,"href":"https:\/\/wen-official.com\/en\/wp-json\/wp\/v2\/users\/1"}],"replies":[{"embeddable":true,"href":"https:\/\/wen-official.com\/en\/wp-json\/wp\/v2\/comments?post=1677"}],"version-history":[{"count":1,"href":"https:\/\/wen-official.com\/en\/wp-json\/wp\/v2\/posts\/1677\/revisions"}],"predecessor-version":[{"id":1679,"href":"https:\/\/wen-official.com\/en\/wp-json\/wp\/v2\/posts\/1677\/revisions\/1679"}],"wp:featuredmedia":[{"embeddable":true,"href":"https:\/\/wen-official.com\/en\/wp-json\/wp\/v2\/media\/1678"}],"wp:attachment":[{"href":"https:\/\/wen-official.com\/en\/wp-json\/wp\/v2\/media?parent=1677"}],"wp:term":[{"taxonomy":"category","embeddable":true,"href":"https:\/\/wen-official.com\/en\/wp-json\/wp\/v2\/categories?post=1677"},{"taxonomy":"post_tag","embeddable":true,"href":"https:\/\/wen-official.com\/en\/wp-json\/wp\/v2\/tags?post=1677"}],"curies":[{"name":"wp","href":"https:\/\/api.w.org\/{rel}","templated":true}]}}